{"id":2026,"date":"2016-12-20T18:25:04","date_gmt":"2016-12-20T17:25:04","guid":{"rendered":"http:\/\/ajtduvocal.com\/dev\/?p=2026"},"modified":"2021-02-12T18:42:06","modified_gmt":"2021-02-12T17:42:06","slug":"20-decembre-2016-village-de-noel-a-creteil","status":"publish","type":"post","link":"https:\/\/ajtduvocal.com\/dev\/article\/20-decembre-2016-village-de-noel-a-creteil\/","title":{"rendered":"20 d\u00e9cembre 2016 &#8211; Village de No\u00ebl, \u00e0 Cr\u00e9teil"},"content":{"rendered":"<p>Fid\u00e8les \u00e0 ce rendez-vous de fin d&rsquo;ann\u00e9e, les Agit\u00e9s du Vocal ont mis le paquet (cadeau of course) pour que leurs costumes de sc\u00e8ne soient \u00e0 la hauteur de l&rsquo;\u00e9v\u00e9nement. Une r\u00e9ussite, aid\u00e9e par le vin chaud&#8230;<\/p>\n<p><a href=\"https:\/\/ajtduvocal.com\/dev\/article\/20-decembre-2016-village-de-noel-a-creteil\/attachment\/creteil01_cr\/\" rel=\"attachment wp-att-2027\"><img loading=\"lazy\" decoding=\"async\" class=\"alignnone wp-image-2027\" src=\"https:\/\/ajtduvocal.com\/dev\/wp-content\/uploads\/2017\/01\/Creteil01_cr-1024x1024.jpg\" alt=\"\" width=\"312\" height=\"312\" srcset=\"https:\/\/ajtduvocal.com\/dev\/wp-content\/uploads\/2017\/01\/Creteil01_cr-1024x1024.jpg 1024w, https:\/\/ajtduvocal.com\/dev\/wp-content\/uploads\/2017\/01\/Creteil01_cr-150x150.jpg 150w, https:\/\/ajtduvocal.com\/dev\/wp-content\/uploads\/2017\/01\/Creteil01_cr-300x300.jpg 300w, https:\/\/ajtduvocal.com\/dev\/wp-content\/uploads\/2017\/01\/Creteil01_cr-768x768.jpg 768w\" sizes=\"auto, (max-width: 312px) 100vw, 312px\" \/><\/a> <a href=\"https:\/\/ajtduvocal.com\/dev\/article\/20-decembre-2016-village-de-noel-a-creteil\/attachment\/creteil02_cr\/\" rel=\"attachment wp-att-2028\"><img loading=\"lazy\" decoding=\"async\" class=\"alignnone wp-image-2028\" src=\"https:\/\/ajtduvocal.com\/dev\/wp-content\/uploads\/2017\/01\/Creteil02_cr-1024x1024.jpg\" alt=\"\" width=\"312\" height=\"312\" srcset=\"https:\/\/ajtduvocal.com\/dev\/wp-content\/uploads\/2017\/01\/Creteil02_cr-1024x1024.jpg 1024w, https:\/\/ajtduvocal.com\/dev\/wp-content\/uploads\/2017\/01\/Creteil02_cr-150x150.jpg 150w, https:\/\/ajtduvocal.com\/dev\/wp-content\/uploads\/2017\/01\/Creteil02_cr-300x300.jpg 300w, https:\/\/ajtduvocal.com\/dev\/wp-content\/uploads\/2017\/01\/Creteil02_cr-768x768.jpg 768w, https:\/\/ajtduvocal.com\/dev\/wp-content\/uploads\/2017\/01\/Creteil02_cr.jpg 1269w\" sizes=\"auto, (max-width: 312px) 100vw, 312px\" \/><\/a> <a href=\"https:\/\/ajtduvocal.com\/dev\/article\/20-decembre-2016-village-de-noel-a-creteil\/attachment\/creteil03_cr\/\" rel=\"attachment wp-att-2029\"><img loading=\"lazy\" decoding=\"async\" class=\"alignnone wp-image-2029\" src=\"https:\/\/ajtduvocal.com\/dev\/wp-content\/uploads\/2017\/01\/Creteil03_cr-1024x1024.jpg\" alt=\"\" width=\"628\" height=\"628\" srcset=\"https:\/\/ajtduvocal.com\/dev\/wp-content\/uploads\/2017\/01\/Creteil03_cr-1024x1024.jpg 1024w, https:\/\/ajtduvocal.com\/dev\/wp-content\/uploads\/2017\/01\/Creteil03_cr-150x150.jpg 150w, https:\/\/ajtduvocal.com\/dev\/wp-content\/uploads\/2017\/01\/Creteil03_cr-300x300.jpg 300w, https:\/\/ajtduvocal.com\/dev\/wp-content\/uploads\/2017\/01\/Creteil03_cr-768x768.jpg 768w\" sizes=\"auto, (max-width: 628px) 100vw, 628px\" \/><\/a> <a href=\"https:\/\/ajtduvocal.com\/dev\/article\/20-decembre-2016-village-de-noel-a-creteil\/attachment\/creteil04_cr\/\" rel=\"attachment wp-att-2030\"><img loading=\"lazy\" decoding=\"async\" class=\"alignnone wp-image-2030\" src=\"https:\/\/ajtduvocal.com\/dev\/wp-content\/uploads\/2017\/01\/Creteil04_cr-1024x1024.jpg\" alt=\"\" width=\"312\" height=\"312\" srcset=\"https:\/\/ajtduvocal.com\/dev\/wp-content\/uploads\/2017\/01\/Creteil04_cr-1024x1024.jpg 1024w, https:\/\/ajtduvocal.com\/dev\/wp-content\/uploads\/2017\/01\/Creteil04_cr-150x150.jpg 150w, https:\/\/ajtduvocal.com\/dev\/wp-content\/uploads\/2017\/01\/Creteil04_cr-300x300.jpg 300w, https:\/\/ajtduvocal.com\/dev\/wp-content\/uploads\/2017\/01\/Creteil04_cr-768x768.jpg 768w\" sizes=\"auto, (max-width: 312px) 100vw, 312px\" \/><\/a> <a href=\"https:\/\/ajtduvocal.com\/dev\/article\/20-decembre-2016-village-de-noel-a-creteil\/attachment\/creteil05_cr\/\" rel=\"attachment wp-att-2031\"><img loading=\"lazy\" decoding=\"async\" class=\"alignnone wp-image-2031\" src=\"https:\/\/ajtduvocal.com\/dev\/wp-content\/uploads\/2017\/01\/Creteil05_cr-1024x1024.jpg\" alt=\"\" width=\"312\" height=\"312\" srcset=\"https:\/\/ajtduvocal.com\/dev\/wp-content\/uploads\/2017\/01\/Creteil05_cr-1024x1024.jpg 1024w, https:\/\/ajtduvocal.com\/dev\/wp-content\/uploads\/2017\/01\/Creteil05_cr-150x150.jpg 150w, https:\/\/ajtduvocal.com\/dev\/wp-content\/uploads\/2017\/01\/Creteil05_cr-300x300.jpg 300w, https:\/\/ajtduvocal.com\/dev\/wp-content\/uploads\/2017\/01\/Creteil05_cr-768x768.jpg 768w\" sizes=\"auto, (max-width: 312px) 100vw, 312px\" \/><\/a> <a href=\"https:\/\/ajtduvocal.com\/dev\/article\/20-decembre-2016-village-de-noel-a-creteil\/attachment\/creteil06_cr_cr\/\" rel=\"attachment wp-att-2032\"><img loading=\"lazy\" decoding=\"async\" class=\"alignnone wp-image-2032\" src=\"https:\/\/ajtduvocal.com\/dev\/wp-content\/uploads\/2017\/01\/Creteil06_cr_cr-1024x1024.jpg\" alt=\"\" width=\"312\" height=\"312\" srcset=\"https:\/\/ajtduvocal.com\/dev\/wp-content\/uploads\/2017\/01\/Creteil06_cr_cr-1024x1024.jpg 1024w, https:\/\/ajtduvocal.com\/dev\/wp-content\/uploads\/2017\/01\/Creteil06_cr_cr-150x150.jpg 150w, https:\/\/ajtduvocal.com\/dev\/wp-content\/uploads\/2017\/01\/Creteil06_cr_cr-300x300.jpg 300w, https:\/\/ajtduvocal.com\/dev\/wp-content\/uploads\/2017\/01\/Creteil06_cr_cr-768x768.jpg 768w\" sizes=\"auto, (max-width: 312px) 100vw, 312px\" \/><\/a> <a href=\"https:\/\/ajtduvocal.com\/dev\/article\/20-decembre-2016-village-de-noel-a-creteil\/attachment\/creteil07_cr\/\" rel=\"attachment wp-att-2033\"><img loading=\"lazy\" decoding=\"async\" class=\"alignnone wp-image-2033\" src=\"https:\/\/ajtduvocal.com\/dev\/wp-content\/uploads\/2017\/01\/Creteil07_cr-1024x1024.jpg\" alt=\"\" width=\"312\" height=\"312\" srcset=\"https:\/\/ajtduvocal.com\/dev\/wp-content\/uploads\/2017\/01\/Creteil07_cr-1024x1024.jpg 1024w, https:\/\/ajtduvocal.com\/dev\/wp-content\/uploads\/2017\/01\/Creteil07_cr-150x150.jpg 150w, https:\/\/ajtduvocal.com\/dev\/wp-content\/uploads\/2017\/01\/Creteil07_cr-300x300.jpg 300w, https:\/\/ajtduvocal.com\/dev\/wp-content\/uploads\/2017\/01\/Creteil07_cr-768x768.jpg 768w\" sizes=\"auto, (max-width: 312px) 100vw, 312px\" \/><\/a> <a href=\"https:\/\/ajtduvocal.com\/dev\/article\/20-decembre-2016-village-de-noel-a-creteil\/attachment\/creteil08_cr\/\" rel=\"attachment wp-att-2034\"><img loading=\"lazy\" decoding=\"async\" class=\"alignnone wp-image-2034\" src=\"https:\/\/ajtduvocal.com\/dev\/wp-content\/uploads\/2017\/01\/Creteil08_cr-1024x1024.jpg\" alt=\"\" width=\"312\" height=\"312\" srcset=\"https:\/\/ajtduvocal.com\/dev\/wp-content\/uploads\/2017\/01\/Creteil08_cr-1024x1024.jpg 1024w, https:\/\/ajtduvocal.com\/dev\/wp-content\/uploads\/2017\/01\/Creteil08_cr-150x150.jpg 150w, https:\/\/ajtduvocal.com\/dev\/wp-content\/uploads\/2017\/01\/Creteil08_cr-300x300.jpg 300w, https:\/\/ajtduvocal.com\/dev\/wp-content\/uploads\/2017\/01\/Creteil08_cr-768x768.jpg 768w\" sizes=\"auto, (max-width: 312px) 100vw, 312px\" \/><\/a> <a href=\"https:\/\/ajtduvocal.com\/dev\/article\/20-decembre-2016-village-de-noel-a-creteil\/attachment\/creteil09_cr\/\" rel=\"attachment wp-att-2035\"><img loading=\"lazy\" decoding=\"async\" class=\"alignnone wp-image-2035\" src=\"https:\/\/ajtduvocal.com\/dev\/wp-content\/uploads\/2017\/01\/Creteil09_cr-1024x1024.jpg\" alt=\"\" width=\"312\" height=\"312\" srcset=\"https:\/\/ajtduvocal.com\/dev\/wp-content\/uploads\/2017\/01\/Creteil09_cr-1024x1024.jpg 1024w, https:\/\/ajtduvocal.com\/dev\/wp-content\/uploads\/2017\/01\/Creteil09_cr-150x150.jpg 150w, https:\/\/ajtduvocal.com\/dev\/wp-content\/uploads\/2017\/01\/Creteil09_cr-300x300.jpg 300w, https:\/\/ajtduvocal.com\/dev\/wp-content\/uploads\/2017\/01\/Creteil09_cr-768x768.jpg 768w\" sizes=\"auto, (max-width: 312px) 100vw, 312px\" \/><\/a> <a href=\"https:\/\/ajtduvocal.com\/dev\/article\/20-decembre-2016-village-de-noel-a-creteil\/attachment\/creteil10_cr\/\" rel=\"attachment wp-att-2036\"><img loading=\"lazy\" decoding=\"async\" class=\"alignnone wp-image-2036\" src=\"https:\/\/ajtduvocal.com\/dev\/wp-content\/uploads\/2017\/01\/Creteil10_cr-1024x1024.jpg\" alt=\"\" width=\"291\" height=\"291\" srcset=\"https:\/\/ajtduvocal.com\/dev\/wp-content\/uploads\/2017\/01\/Creteil10_cr-1024x1024.jpg 1024w, https:\/\/ajtduvocal.com\/dev\/wp-content\/uploads\/2017\/01\/Creteil10_cr-150x150.jpg 150w, https:\/\/ajtduvocal.com\/dev\/wp-content\/uploads\/2017\/01\/Creteil10_cr-300x300.jpg 300w, https:\/\/ajtduvocal.com\/dev\/wp-content\/uploads\/2017\/01\/Creteil10_cr-768x768.jpg 768w\" sizes=\"auto, (max-width: 291px) 100vw, 291px\" \/><\/a> <a href=\"https:\/\/ajtduvocal.com\/dev\/article\/20-decembre-2016-village-de-noel-a-creteil\/attachment\/creteil11_cr\/\" rel=\"attachment wp-att-2037\"><img loading=\"lazy\" decoding=\"async\" class=\"alignnone size-large wp-image-2037\" src=\"https:\/\/ajtduvocal.com\/dev\/wp-content\/uploads\/2017\/01\/Creteil11_cr-1024x576.jpg\" alt=\"\" width=\"640\" height=\"360\" srcset=\"https:\/\/ajtduvocal.com\/dev\/wp-content\/uploads\/2017\/01\/Creteil11_cr-1024x576.jpg 1024w, https:\/\/ajtduvocal.com\/dev\/wp-content\/uploads\/2017\/01\/Creteil11_cr-300x169.jpg 300w, https:\/\/ajtduvocal.com\/dev\/wp-content\/uploads\/2017\/01\/Creteil11_cr-768x432.jpg 768w\" sizes=\"auto, (max-width: 640px) 100vw, 640px\" \/><\/a> <a href=\"https:\/\/ajtduvocal.com\/dev\/article\/20-decembre-2016-village-de-noel-a-creteil\/attachment\/creteil12_cr\/\" rel=\"attachment wp-att-2038\"><img loading=\"lazy\" decoding=\"async\" class=\"alignnone size-large wp-image-2038\" src=\"https:\/\/ajtduvocal.com\/dev\/wp-content\/uploads\/2017\/01\/Creteil12_cr-1024x576.jpg\" alt=\"\" width=\"640\" height=\"360\" srcset=\"https:\/\/ajtduvocal.com\/dev\/wp-content\/uploads\/2017\/01\/Creteil12_cr-1024x576.jpg 1024w, https:\/\/ajtduvocal.com\/dev\/wp-content\/uploads\/2017\/01\/Creteil12_cr-300x169.jpg 300w, https:\/\/ajtduvocal.com\/dev\/wp-content\/uploads\/2017\/01\/Creteil12_cr-768x432.jpg 768w\" sizes=\"auto, (max-width: 640px) 100vw, 640px\" \/><\/a> <a href=\"https:\/\/ajtduvocal.com\/dev\/article\/20-decembre-2016-village-de-noel-a-creteil\/attachment\/creteil13_cr\/\" rel=\"attachment wp-att-2039\"><img loading=\"lazy\" decoding=\"async\" class=\"alignnone size-large wp-image-2039\" src=\"https:\/\/ajtduvocal.com\/dev\/wp-content\/uploads\/2017\/01\/Creteil13_cr-1024x576.jpg\" alt=\"\" width=\"640\" height=\"360\" srcset=\"https:\/\/ajtduvocal.com\/dev\/wp-content\/uploads\/2017\/01\/Creteil13_cr-1024x576.jpg 1024w, https:\/\/ajtduvocal.com\/dev\/wp-content\/uploads\/2017\/01\/Creteil13_cr-300x169.jpg 300w, https:\/\/ajtduvocal.com\/dev\/wp-content\/uploads\/2017\/01\/Creteil13_cr-768x432.jpg 768w\" sizes=\"auto, (max-width: 640px) 100vw, 640px\" \/><\/a> <a href=\"https:\/\/ajtduvocal.com\/dev\/article\/20-decembre-2016-village-de-noel-a-creteil\/attachment\/creteil14_cr\/\" rel=\"attachment wp-att-2040\"><img loading=\"lazy\" decoding=\"async\" class=\"alignnone size-large wp-image-2040\" src=\"https:\/\/ajtduvocal.com\/dev\/wp-content\/uploads\/2017\/01\/Creteil14_cr-1024x576.jpg\" alt=\"\" width=\"640\" height=\"360\" srcset=\"https:\/\/ajtduvocal.com\/dev\/wp-content\/uploads\/2017\/01\/Creteil14_cr-1024x576.jpg 1024w, https:\/\/ajtduvocal.com\/dev\/wp-content\/uploads\/2017\/01\/Creteil14_cr-300x169.jpg 300w, https:\/\/ajtduvocal.com\/dev\/wp-content\/uploads\/2017\/01\/Creteil14_cr-768x432.jpg 768w\" sizes=\"auto, (max-width: 640px) 100vw, 640px\" \/><\/a> <a href=\"https:\/\/ajtduvocal.com\/dev\/article\/20-decembre-2016-village-de-noel-a-creteil\/attachment\/creteil15_cr\/\" rel=\"attachment wp-att-2041\"><img loading=\"lazy\" decoding=\"async\" class=\"alignnone size-large wp-image-2041\" src=\"https:\/\/ajtduvocal.com\/dev\/wp-content\/uploads\/2017\/01\/Creteil15_cr-1024x576.jpg\" alt=\"\" width=\"640\" height=\"360\" srcset=\"https:\/\/ajtduvocal.com\/dev\/wp-content\/uploads\/2017\/01\/Creteil15_cr-1024x576.jpg 1024w, https:\/\/ajtduvocal.com\/dev\/wp-content\/uploads\/2017\/01\/Creteil15_cr-300x169.jpg 300w, https:\/\/ajtduvocal.com\/dev\/wp-content\/uploads\/2017\/01\/Creteil15_cr-768x432.jpg 768w\" sizes=\"auto, (max-width: 640px) 100vw, 640px\" \/><\/a> <a href=\"https:\/\/ajtduvocal.com\/dev\/article\/20-decembre-2016-village-de-noel-a-creteil\/attachment\/creteil16_cr\/\" rel=\"attachment wp-att-2042\"><img loading=\"lazy\" decoding=\"async\" class=\"alignnone size-large wp-image-2042\" src=\"https:\/\/ajtduvocal.com\/dev\/wp-content\/uploads\/2017\/01\/Creteil16_cr-1024x576.jpg\" alt=\"\" width=\"640\" height=\"360\" srcset=\"https:\/\/ajtduvocal.com\/dev\/wp-content\/uploads\/2017\/01\/Creteil16_cr-1024x576.jpg 1024w, https:\/\/ajtduvocal.com\/dev\/wp-content\/uploads\/2017\/01\/Creteil16_cr-300x169.jpg 300w, https:\/\/ajtduvocal.com\/dev\/wp-content\/uploads\/2017\/01\/Creteil16_cr-768x432.jpg 768w\" sizes=\"auto, (max-width: 640px) 100vw, 640px\" \/><\/a> <a href=\"https:\/\/ajtduvocal.com\/dev\/article\/20-decembre-2016-village-de-noel-a-creteil\/attachment\/creteil18_cr\/\" rel=\"attachment wp-att-2043\"><img loading=\"lazy\" decoding=\"async\" class=\"alignnone size-large wp-image-2043\" src=\"https:\/\/ajtduvocal.com\/dev\/wp-content\/uploads\/2017\/01\/Creteil18_cr-1024x576.jpg\" alt=\"\" width=\"640\" height=\"360\" srcset=\"https:\/\/ajtduvocal.com\/dev\/wp-content\/uploads\/2017\/01\/Creteil18_cr-1024x576.jpg 1024w, https:\/\/ajtduvocal.com\/dev\/wp-content\/uploads\/2017\/01\/Creteil18_cr-300x169.jpg 300w, https:\/\/ajtduvocal.com\/dev\/wp-content\/uploads\/2017\/01\/Creteil18_cr-768x432.jpg 768w\" sizes=\"auto, (max-width: 640px) 100vw, 640px\" \/><\/a> <a href=\"https:\/\/ajtduvocal.com\/dev\/article\/20-decembre-2016-village-de-noel-a-creteil\/attachment\/creteil19_cr\/\" rel=\"attachment wp-att-2044\"><img loading=\"lazy\" decoding=\"async\" class=\"alignnone size-large wp-image-2044\" src=\"https:\/\/ajtduvocal.com\/dev\/wp-content\/uploads\/2017\/01\/Creteil19_cr-1024x576.jpg\" alt=\"\" width=\"640\" height=\"360\" srcset=\"https:\/\/ajtduvocal.com\/dev\/wp-content\/uploads\/2017\/01\/Creteil19_cr-1024x576.jpg 1024w, https:\/\/ajtduvocal.com\/dev\/wp-content\/uploads\/2017\/01\/Creteil19_cr-300x169.jpg 300w, https:\/\/ajtduvocal.com\/dev\/wp-content\/uploads\/2017\/01\/Creteil19_cr-768x432.jpg 768w\" sizes=\"auto, (max-width: 640px) 100vw, 640px\" \/><\/a>\u00a0\u00a0 <a href=\"https:\/\/ajtduvocal.com\/dev\/article\/20-decembre-2016-village-de-noel-a-creteil\/attachment\/creteil23_cr\/\" rel=\"attachment wp-att-2048\"><img loading=\"lazy\" decoding=\"async\" class=\"alignnone size-large wp-image-2048\" src=\"https:\/\/ajtduvocal.com\/dev\/wp-content\/uploads\/2017\/01\/Creteil23_cr-1024x576.jpg\" alt=\"\" width=\"640\" height=\"360\" srcset=\"https:\/\/ajtduvocal.com\/dev\/wp-content\/uploads\/2017\/01\/Creteil23_cr-1024x576.jpg 1024w, https:\/\/ajtduvocal.com\/dev\/wp-content\/uploads\/2017\/01\/Creteil23_cr-300x169.jpg 300w, https:\/\/ajtduvocal.com\/dev\/wp-content\/uploads\/2017\/01\/Creteil23_cr-768x432.jpg 768w\" sizes=\"auto, (max-width: 640px) 100vw, 640px\" \/><\/a> <a href=\"https:\/\/ajtduvocal.com\/dev\/article\/20-decembre-2016-village-de-noel-a-creteil\/attachment\/creteil24_cr\/\" rel=\"attachment wp-att-2049\"><img loading=\"lazy\" decoding=\"async\" class=\"alignnone size-large wp-image-2049\" src=\"https:\/\/ajtduvocal.com\/dev\/wp-content\/uploads\/2017\/01\/Creteil24_cr-1024x576.jpg\" alt=\"\" width=\"640\" height=\"360\" srcset=\"https:\/\/ajtduvocal.com\/dev\/wp-content\/uploads\/2017\/01\/Creteil24_cr-1024x576.jpg 1024w, https:\/\/ajtduvocal.com\/dev\/wp-content\/uploads\/2017\/01\/Creteil24_cr-300x169.jpg 300w, https:\/\/ajtduvocal.com\/dev\/wp-content\/uploads\/2017\/01\/Creteil24_cr-768x432.jpg 768w\" sizes=\"auto, (max-width: 640px) 100vw, 640px\" \/><\/a> <a href=\"https:\/\/ajtduvocal.com\/dev\/article\/20-decembre-2016-village-de-noel-a-creteil\/attachment\/creteil25_cr\/\" rel=\"attachment wp-att-2050\"><img loading=\"lazy\" decoding=\"async\" class=\"alignnone size-large wp-image-2050\" src=\"https:\/\/ajtduvocal.com\/dev\/wp-content\/uploads\/2017\/01\/Creteil25_cr-1024x576.jpg\" alt=\"\" width=\"640\" height=\"360\" srcset=\"https:\/\/ajtduvocal.com\/dev\/wp-content\/uploads\/2017\/01\/Creteil25_cr-1024x576.jpg 1024w, https:\/\/ajtduvocal.com\/dev\/wp-content\/uploads\/2017\/01\/Creteil25_cr-300x169.jpg 300w, https:\/\/ajtduvocal.com\/dev\/wp-content\/uploads\/2017\/01\/Creteil25_cr-768x432.jpg 768w\" sizes=\"auto, (max-width: 640px) 100vw, 640px\" \/><\/a> <a href=\"https:\/\/ajtduvocal.com\/dev\/article\/20-decembre-2016-village-de-noel-a-creteil\/attachment\/creteil26_cr\/\" rel=\"attachment wp-att-2051\"><img loading=\"lazy\" decoding=\"async\" class=\"alignnone wp-image-2051\" src=\"https:\/\/ajtduvocal.com\/dev\/wp-content\/uploads\/2017\/01\/Creteil26_cr-1024x576.jpg\" alt=\"\" width=\"312\" height=\"176\" srcset=\"https:\/\/ajtduvocal.com\/dev\/wp-content\/uploads\/2017\/01\/Creteil26_cr-1024x576.jpg 1024w, https:\/\/ajtduvocal.com\/dev\/wp-content\/uploads\/2017\/01\/Creteil26_cr-300x169.jpg 300w, https:\/\/ajtduvocal.com\/dev\/wp-content\/uploads\/2017\/01\/Creteil26_cr-768x432.jpg 768w\" sizes=\"auto, (max-width: 312px) 100vw, 312px\" \/><\/a> <a href=\"https:\/\/ajtduvocal.com\/dev\/article\/20-decembre-2016-village-de-noel-a-creteil\/attachment\/creteil27_cr\/\" rel=\"attachment wp-att-2052\"><img loading=\"lazy\" decoding=\"async\" class=\"alignnone wp-image-2052\" src=\"https:\/\/ajtduvocal.com\/dev\/wp-content\/uploads\/2017\/01\/Creteil27_cr-1024x576.jpg\" alt=\"\" width=\"311\" height=\"175\" srcset=\"https:\/\/ajtduvocal.com\/dev\/wp-content\/uploads\/2017\/01\/Creteil27_cr-1024x576.jpg 1024w, https:\/\/ajtduvocal.com\/dev\/wp-content\/uploads\/2017\/01\/Creteil27_cr-300x169.jpg 300w, https:\/\/ajtduvocal.com\/dev\/wp-content\/uploads\/2017\/01\/Creteil27_cr-768x432.jpg 768w\" sizes=\"auto, (max-width: 311px) 100vw, 311px\" \/><\/a><\/p>\n","protected":false},"excerpt":{"rendered":"<p>Fid\u00e8les \u00e0 ce rendez-vous de fin d&rsquo;ann\u00e9e, les Agit\u00e9s du Vocal ont mis le paquet (cadeau of course) pour que leurs costumes de sc\u00e8ne soient \u00e0 la hauteur de l&rsquo;\u00e9v\u00e9nement. Une r\u00e9ussite, aid\u00e9e par le vin chaud&#8230; \u00a0\u00a0<\/p>\n","protected":false},"author":1,"featured_media":0,"comment_status":"closed","ping_status":"open","sticky":false,"template":"","format":"gallery","meta":{"footnotes":""},"categories":[3],"tags":[5,28,36,18],"class_list":["post-2026","post","type-post","status-publish","format-gallery","hentry","category-article","tag-concert","tag-creteil","tag-noel","tag-scene","post_format-post-format-gallery"],"_links":{"self":[{"href":"https:\/\/ajtduvocal.com\/dev\/wp-json\/wp\/v2\/posts\/2026","targetHints":{"allow":["GET"]}}],"collection":[{"href":"https:\/\/ajtduvocal.com\/dev\/wp-json\/wp\/v2\/posts"}],"about":[{"href":"https:\/\/ajtduvocal.com\/dev\/wp-json\/wp\/v2\/types\/post"}],"author":[{"embeddable":true,"href":"https:\/\/ajtduvocal.com\/dev\/wp-json\/wp\/v2\/users\/1"}],"replies":[{"embeddable":true,"href":"https:\/\/ajtduvocal.com\/dev\/wp-json\/wp\/v2\/comments?post=2026"}],"version-history":[{"count":2,"href":"https:\/\/ajtduvocal.com\/dev\/wp-json\/wp\/v2\/posts\/2026\/revisions"}],"predecessor-version":[{"id":2054,"href":"https:\/\/ajtduvocal.com\/dev\/wp-json\/wp\/v2\/posts\/2026\/revisions\/2054"}],"wp:attachment":[{"href":"https:\/\/ajtduvocal.com\/dev\/wp-json\/wp\/v2\/media?parent=2026"}],"wp:term":[{"taxonomy":"category","embeddable":true,"href":"https:\/\/ajtduvocal.com\/dev\/wp-json\/wp\/v2\/categories?post=2026"},{"taxonomy":"post_tag","embeddable":true,"href":"https:\/\/ajtduvocal.com\/dev\/wp-json\/wp\/v2\/tags?post=2026"}],"curies":[{"name":"wp","href":"https:\/\/api.w.org\/{rel}","templated":true}]}}